{"id":31162,"date":"2026-03-16T08:01:36","date_gmt":"2026-03-16T11:01:36","guid":{"rendered":"https:\/\/portalgoitaca.com.br\/?p=31162"},"modified":"2026-03-16T08:01:37","modified_gmt":"2026-03-16T11:01:37","slug":"homem-e-morto-a-tiros-em-via-publica-na-noite-deste-domingo","status":"publish","type":"post","link":"https:\/\/portalgoitaca.com.br\/?p=31162","title":{"rendered":"Homem \u00e9 morto a tiros em via p\u00fablica na noite deste domingo"},"content":{"rendered":"\n<p>Um homem foi morto a tiros na Rua Manoel Sep\u00falveda, nas proximidades da Secretaria de Sa\u00fade, em Cardoso Moreira, no Norte Fluminense.<\/p>\n\n\n\n<p>De acordo com informa\u00e7\u00f5es apuradas no local, a v\u00edtima caminhava pela via p\u00fablica quando foi surpreendida por criminosos armados.<\/p>\n\n\n\n<p>Ao perceber a aproxima\u00e7\u00e3o dos suspeitos, o homem ainda tentou correr para escapar dos disparos.<\/p>\n\n\n\n<p>Mesmo tentando fugir, ele foi alcan\u00e7ado e atingido por v\u00e1rios tiros.<\/p>\n\n\n\n<p>A v\u00edtima n\u00e3o resistiu aos ferimentos e morreu no local antes da chegada do socorro m\u00e9dico.<\/p>\n\n\n\n<p>A \u00e1rea foi isolada para os trabalhos da per\u00edcia, e o caso dever\u00e1 ser investigado pela Pol\u00edcia Civil, que busca identificar os autores e a motiva\u00e7\u00e3o do crime.<\/p>\n","protected":false},"excerpt":{"rendered":"<p>Um homem foi morto a tiros na Rua Manoel Sep\u00falveda, nas proximidades da Secretaria de&#8230;<\/p>\n","protected":false},"author":1,"featured_media":31163,"comment_status":"closed","ping_status":"closed","sticky":false,"template":"","format":"standard","meta":{"_jetpack_memberships_contains_paid_content":false,"footnotes":""},"categories":[1591],"tags":[],"class_list":["post-31162","post","type-post","status-publish","format-standard","has-post-thumbnail","hentry","category-homicidio"],"yoast_head":"<!-- This site is optimized with the Yoast SEO plugin v26.9 - https:\/\/yoast.com\/product\/yoast-seo-wordpress\/ -->\n<title>Homem \u00e9 morto a tiros em via p\u00fablica na noite deste domingo - Portal Goitac\u00e1<\/title>\n<meta name=\"robots\" content=\"index, follow, max-snippet:-1, max-image-preview:large, max-video-preview:-1\" \/>\n<link rel=\"canonical\" href=\"https:\/\/portalgoitaca.com.br\/?p=31162\" \/>\n<meta property=\"og:locale\" content=\"pt_PT\" \/>\n<meta property=\"og:type\" content=\"article\" \/>\n<meta property=\"og:title\" content=\"Homem \u00e9 morto a tiros em via p\u00fablica na noite deste domingo - Portal Goitac\u00e1\" \/>\n<meta property=\"og:description\" content=\"Um homem foi morto a tiros na Rua Manoel Sep\u00falveda, nas proximidades da Secretaria de...\" \/>\n<meta property=\"og:url\" content=\"https:\/\/portalgoitaca.com.br\/?p=31162\" \/>\n<meta property=\"og:site_name\" content=\"Portal Goitac\u00e1\" \/>\n<meta property=\"article:published_time\" content=\"2026-03-16T11:01:36+00:00\" \/>\n<meta property=\"article:modified_time\" content=\"2026-03-16T11:01:37+00:00\" \/>\n<meta property=\"og:image\" content=\"https:\/\/portalgoitaca.com.br\/wp-content\/uploads\/2026\/03\/IMG-20260316-WA0030.jpg\" \/>\n\t<meta property=\"og:image:width\" content=\"842\" \/>\n\t<meta property=\"og:image:height\" content=\"414\" \/>\n\t<meta property=\"og:image:type\" content=\"image\/jpeg\" \/>\n<meta name=\"author\" content=\"mudacamposadmin\" \/>\n<meta name=\"twitter:card\" content=\"summary_large_image\" \/>\n<meta name=\"twitter:label1\" content=\"Escrito por\" \/>\n\t<meta name=\"twitter:data1\" content=\"mudacamposadmin\" \/>\n\t<meta name=\"twitter:label2\" content=\"Tempo estimado de leitura\" \/>\n\t<meta name=\"twitter:data2\" content=\"1 minuto\" \/>\n<script type=\"application\/ld+json\" class=\"yoast-schema-graph\">{\"@context\":\"https:\/\/schema.org\",\"@graph\":[{\"@type\":\"Article\",\"@id\":\"https:\/\/portalgoitaca.com.br\/?p=31162#article\",\"isPartOf\":{\"@id\":\"https:\/\/portalgoitaca.com.br\/?p=31162\"},\"author\":{\"name\":\"mudacamposadmin\",\"@id\":\"https:\/\/portalgoitaca.com.br\/#\/schema\/person\/fe2e82d17c89c2a36d45040f8b8be21d\"},\"headline\":\"Homem \u00e9 morto a tiros em via p\u00fablica na noite deste domingo\",\"datePublished\":\"2026-03-16T11:01:36+00:00\",\"dateModified\":\"2026-03-16T11:01:37+00:00\",\"mainEntityOfPage\":{\"@id\":\"https:\/\/portalgoitaca.com.br\/?p=31162\"},\"wordCount\":137,\"image\":{\"@id\":\"https:\/\/portalgoitaca.com.br\/?p=31162#primaryimage\"},\"thumbnailUrl\":\"https:\/\/portalgoitaca.com.br\/wp-content\/uploads\/2026\/03\/IMG-20260316-WA0030.jpg\",\"articleSection\":[\"Homic\u00eddio\"],\"inLanguage\":\"pt-PT\"},{\"@type\":\"WebPage\",\"@id\":\"https:\/\/portalgoitaca.com.br\/?p=31162\",\"url\":\"https:\/\/portalgoitaca.com.br\/?p=31162\",\"name\":\"Homem \u00e9 morto a tiros em via p\u00fablica na noite deste domingo - Portal Goitac\u00e1\",\"isPartOf\":{\"@id\":\"https:\/\/portalgoitaca.com.br\/#website\"},\"primaryImageOfPage\":{\"@id\":\"https:\/\/portalgoitaca.com.br\/?p=31162#primaryimage\"},\"image\":{\"@id\":\"https:\/\/portalgoitaca.com.br\/?p=31162#primaryimage\"},\"thumbnailUrl\":\"https:\/\/portalgoitaca.com.br\/wp-content\/uploads\/2026\/03\/IMG-20260316-WA0030.jpg\",\"datePublished\":\"2026-03-16T11:01:36+00:00\",\"dateModified\":\"2026-03-16T11:01:37+00:00\",\"author\":{\"@id\":\"https:\/\/portalgoitaca.com.br\/#\/schema\/person\/fe2e82d17c89c2a36d45040f8b8be21d\"},\"breadcrumb\":{\"@id\":\"https:\/\/portalgoitaca.com.br\/?p=31162#breadcrumb\"},\"inLanguage\":\"pt-PT\",\"potentialAction\":[{\"@type\":\"ReadAction\",\"target\":[\"https:\/\/portalgoitaca.com.br\/?p=31162\"]}]},{\"@type\":\"ImageObject\",\"inLanguage\":\"pt-PT\",\"@id\":\"https:\/\/portalgoitaca.com.br\/?p=31162#primaryimage\",\"url\":\"https:\/\/portalgoitaca.com.br\/wp-content\/uploads\/2026\/03\/IMG-20260316-WA0030.jpg\",\"contentUrl\":\"https:\/\/portalgoitaca.com.br\/wp-content\/uploads\/2026\/03\/IMG-20260316-WA0030.jpg\",\"width\":842,\"height\":414},{\"@type\":\"BreadcrumbList\",\"@id\":\"https:\/\/portalgoitaca.com.br\/?p=31162#breadcrumb\",\"itemListElement\":[{\"@type\":\"ListItem\",\"position\":1,\"name\":\"In\u00edcio\",\"item\":\"https:\/\/portalgoitaca.com.br\/\"},{\"@type\":\"ListItem\",\"position\":2,\"name\":\"Homem \u00e9 morto a tiros em via p\u00fablica na noite deste domingo\"}]},{\"@type\":\"WebSite\",\"@id\":\"https:\/\/portalgoitaca.com.br\/#website\",\"url\":\"https:\/\/portalgoitaca.com.br\/\",\"name\":\"Portal Goitac\u00e1\",\"description\":\"A Noticia da Cidade\",\"potentialAction\":[{\"@type\":\"SearchAction\",\"target\":{\"@type\":\"EntryPoint\",\"urlTemplate\":\"https:\/\/portalgoitaca.com.br\/?s={search_term_string}\"},\"query-input\":{\"@type\":\"PropertyValueSpecification\",\"valueRequired\":true,\"valueName\":\"search_term_string\"}}],\"inLanguage\":\"pt-PT\"},{\"@type\":\"Person\",\"@id\":\"https:\/\/portalgoitaca.com.br\/#\/schema\/person\/fe2e82d17c89c2a36d45040f8b8be21d\",\"name\":\"mudacamposadmin\",\"sameAs\":[\"https:\/\/portalgoitaca.com.br\"],\"url\":\"https:\/\/portalgoitaca.com.br\/?author=1\"}]}<\/script>\n<!-- \/ Yoast SEO plugin. -->","yoast_head_json":{"title":"Homem \u00e9 morto a tiros em via p\u00fablica na noite deste domingo - Portal Goitac\u00e1","robots":{"index":"index","follow":"follow","max-snippet":"max-snippet:-1","max-image-preview":"max-image-preview:large","max-video-preview":"max-video-preview:-1"},"canonical":"https:\/\/portalgoitaca.com.br\/?p=31162","og_locale":"pt_PT","og_type":"article","og_title":"Homem \u00e9 morto a tiros em via p\u00fablica na noite deste domingo - Portal Goitac\u00e1","og_description":"Um homem foi morto a tiros na Rua Manoel Sep\u00falveda, nas proximidades da Secretaria de...","og_url":"https:\/\/portalgoitaca.com.br\/?p=31162","og_site_name":"Portal Goitac\u00e1","article_published_time":"2026-03-16T11:01:36+00:00","article_modified_time":"2026-03-16T11:01:37+00:00","og_image":[{"width":842,"height":414,"url":"https:\/\/portalgoitaca.com.br\/wp-content\/uploads\/2026\/03\/IMG-20260316-WA0030.jpg","type":"image\/jpeg"}],"author":"mudacamposadmin","twitter_card":"summary_large_image","twitter_misc":{"Escrito por":"mudacamposadmin","Tempo estimado de leitura":"1 minuto"},"schema":{"@context":"https:\/\/schema.org","@graph":[{"@type":"Article","@id":"https:\/\/portalgoitaca.com.br\/?p=31162#article","isPartOf":{"@id":"https:\/\/portalgoitaca.com.br\/?p=31162"},"author":{"name":"mudacamposadmin","@id":"https:\/\/portalgoitaca.com.br\/#\/schema\/person\/fe2e82d17c89c2a36d45040f8b8be21d"},"headline":"Homem \u00e9 morto a tiros em via p\u00fablica na noite deste domingo","datePublished":"2026-03-16T11:01:36+00:00","dateModified":"2026-03-16T11:01:37+00:00","mainEntityOfPage":{"@id":"https:\/\/portalgoitaca.com.br\/?p=31162"},"wordCount":137,"image":{"@id":"https:\/\/portalgoitaca.com.br\/?p=31162#primaryimage"},"thumbnailUrl":"https:\/\/portalgoitaca.com.br\/wp-content\/uploads\/2026\/03\/IMG-20260316-WA0030.jpg","articleSection":["Homic\u00eddio"],"inLanguage":"pt-PT"},{"@type":"WebPage","@id":"https:\/\/portalgoitaca.com.br\/?p=31162","url":"https:\/\/portalgoitaca.com.br\/?p=31162","name":"Homem \u00e9 morto a tiros em via p\u00fablica na noite deste domingo - Portal Goitac\u00e1","isPartOf":{"@id":"https:\/\/portalgoitaca.com.br\/#website"},"primaryImageOfPage":{"@id":"https:\/\/portalgoitaca.com.br\/?p=31162#primaryimage"},"image":{"@id":"https:\/\/portalgoitaca.com.br\/?p=31162#primaryimage"},"thumbnailUrl":"https:\/\/portalgoitaca.com.br\/wp-content\/uploads\/2026\/03\/IMG-20260316-WA0030.jpg","datePublished":"2026-03-16T11:01:36+00:00","dateModified":"2026-03-16T11:01:37+00:00","author":{"@id":"https:\/\/portalgoitaca.com.br\/#\/schema\/person\/fe2e82d17c89c2a36d45040f8b8be21d"},"breadcrumb":{"@id":"https:\/\/portalgoitaca.com.br\/?p=31162#breadcrumb"},"inLanguage":"pt-PT","potentialAction":[{"@type":"ReadAction","target":["https:\/\/portalgoitaca.com.br\/?p=31162"]}]},{"@type":"ImageObject","inLanguage":"pt-PT","@id":"https:\/\/portalgoitaca.com.br\/?p=31162#primaryimage","url":"https:\/\/portalgoitaca.com.br\/wp-content\/uploads\/2026\/03\/IMG-20260316-WA0030.jpg","contentUrl":"https:\/\/portalgoitaca.com.br\/wp-content\/uploads\/2026\/03\/IMG-20260316-WA0030.jpg","width":842,"height":414},{"@type":"BreadcrumbList","@id":"https:\/\/portalgoitaca.com.br\/?p=31162#breadcrumb","itemListElement":[{"@type":"ListItem","position":1,"name":"In\u00edcio","item":"https:\/\/portalgoitaca.com.br\/"},{"@type":"ListItem","position":2,"name":"Homem \u00e9 morto a tiros em via p\u00fablica na noite deste domingo"}]},{"@type":"WebSite","@id":"https:\/\/portalgoitaca.com.br\/#website","url":"https:\/\/portalgoitaca.com.br\/","name":"Portal Goitac\u00e1","description":"A Noticia da Cidade","potentialAction":[{"@type":"SearchAction","target":{"@type":"EntryPoint","urlTemplate":"https:\/\/portalgoitaca.com.br\/?s={search_term_string}"},"query-input":{"@type":"PropertyValueSpecification","valueRequired":true,"valueName":"search_term_string"}}],"inLanguage":"pt-PT"},{"@type":"Person","@id":"https:\/\/portalgoitaca.com.br\/#\/schema\/person\/fe2e82d17c89c2a36d45040f8b8be21d","name":"mudacamposadmin","sameAs":["https:\/\/portalgoitaca.com.br"],"url":"https:\/\/portalgoitaca.com.br\/?author=1"}]}},"jetpack_sharing_enabled":true,"jetpack_featured_media_url":"https:\/\/portalgoitaca.com.br\/wp-content\/uploads\/2026\/03\/IMG-20260316-WA0030.jpg","_links":{"self":[{"href":"https:\/\/portalgoitaca.com.br\/index.php?rest_route=\/wp\/v2\/posts\/31162","targetHints":{"allow":["GET"]}}],"collection":[{"href":"https:\/\/portalgoitaca.com.br\/index.php?rest_route=\/wp\/v2\/posts"}],"about":[{"href":"https:\/\/portalgoitaca.com.br\/index.php?rest_route=\/wp\/v2\/types\/post"}],"author":[{"embeddable":true,"href":"https:\/\/portalgoitaca.com.br\/index.php?rest_route=\/wp\/v2\/users\/1"}],"replies":[{"embeddable":true,"href":"https:\/\/portalgoitaca.com.br\/index.php?rest_route=%2Fwp%2Fv2%2Fcomments&post=31162"}],"version-history":[{"count":1,"href":"https:\/\/portalgoitaca.com.br\/index.php?rest_route=\/wp\/v2\/posts\/31162\/revisions"}],"predecessor-version":[{"id":31164,"href":"https:\/\/portalgoitaca.com.br\/index.php?rest_route=\/wp\/v2\/posts\/31162\/revisions\/31164"}],"wp:featuredmedia":[{"embeddable":true,"href":"https:\/\/portalgoitaca.com.br\/index.php?rest_route=\/wp\/v2\/media\/31163"}],"wp:attachment":[{"href":"https:\/\/portalgoitaca.com.br\/index.php?rest_route=%2Fwp%2Fv2%2Fmedia&parent=31162"}],"wp:term":[{"taxonomy":"category","embeddable":true,"href":"https:\/\/portalgoitaca.com.br\/index.php?rest_route=%2Fwp%2Fv2%2Fcategories&post=31162"},{"taxonomy":"post_tag","embeddable":true,"href":"https:\/\/portalgoitaca.com.br\/index.php?rest_route=%2Fwp%2Fv2%2Ftags&post=31162"}],"curies":[{"name":"wp","href":"https:\/\/api.w.org\/{rel}","templated":true}]}}