{"id":31159,"date":"2026-03-16T07:20:15","date_gmt":"2026-03-16T10:20:15","guid":{"rendered":"https:\/\/portalgoitaca.com.br\/?p=31159"},"modified":"2026-03-16T07:20:17","modified_gmt":"2026-03-16T10:20:17","slug":"domingo-em-familia-com-entrega-de-obras-do-novo-parque-ecologico","status":"publish","type":"post","link":"https:\/\/portalgoitaca.com.br\/?p=31159","title":{"rendered":"Domingo em Fam\u00edlia\u201d com entrega de obras do novo Parque Ecol\u00f3gico"},"content":{"rendered":"\n<p>O prefeito Wladimir Garotinho e o vice Frederico Paes, com os familiares, participaram do programa, que reuniu fam\u00edlias inteiras na Avenida Arthur Bernardes, junto ao parque, que teve obras entregues neste domingo<\/p>\n\n\n\n<p>Por: Heitor Castelo &#8211; Estagi\u00e1rio &#8211; Foto: C\u00e9sar Ferreira<\/p>\n\n\n\n<p>O primeiro \u201cDomingo em Fam\u00edlia\u201d de 2026 foi um completo sucesso. A Prefeitura de Campos, por meio da Secretaria Municipal de Governo, realizou mais uma edi\u00e7\u00e3o do evento neste domingo (15), em um trecho da Avenida Arthur Bernardes, que ficou interditado por toda a manh\u00e3. Foi uma edi\u00e7\u00e3o especial por abrigar tamb\u00e9m a inaugura\u00e7\u00e3o da segunda fase das obras do Parque Ecol\u00f3gico, empreendimento lan\u00e7ado pela gest\u00e3o da municipal em parceria com a iniciativa privada.<\/p>\n\n\n\n<p>O projeto do Parque Ecol\u00f3gico Municipal, que tem mais de 320 mil metros quadrados, al\u00e9m de uma vasta \u00e1rea verde de Mata Atl\u00e2ntica, prev\u00ea espa\u00e7os de conviv\u00eancia, de realiza\u00e7\u00e3o de esportes, gastronomia e lazer, com skate park, espa\u00e7os para fazer piquenique, pista de caminhada, pista para ciclismo, um lago e muito mais.<\/p>\n\n\n\n<p>\u201cO Parque Ecol\u00f3gico nasce com um prop\u00f3sito muito importante: criar um grande pulm\u00e3o verde para Campos, promovendo qualidade de vida, preserva\u00e7\u00e3o ambiental e um ambiente pensado para as fam\u00edlias. \u00c9 um projeto grandioso, que tem tudo para se tornar um dos grandes marcos da nossa cidade, um sonho que precisa para ser abra\u00e7ado por todos para que as pr\u00f3ximas gest\u00f5es possam dar continuidade. Essa foi apenas a primeira etapa da obra, que n\u00e3o recebeu recurso p\u00fablico, que foi feita pela iniciativa privada. O Parque Ecol\u00f3gico da nossa cidade ser\u00e1, no futuro breve, ser\u00e1 o ponto de encontro das nossas fam\u00edlias, dos amantes do esporte e da natureza\u201d, disse Wladimir.<\/p>\n\n\n\n<p>Durante a inaugura\u00e7\u00e3o da obra do parque, o prefeito ainda revelou que uma vez por m\u00eas, em um domingo, a Avenida Arthur Bernardes ser\u00e1 fechada para que as fam\u00edlias j\u00e1 possam aproveitar o espa\u00e7o, para atividades em fam\u00edlia, com os amigos e tamb\u00e9m com os pets. <\/p>\n\n\n\n<p><\/p>\n\n\n\n<p>Gerson Carvalho e a Laila Rocha s\u00e3o moradores do Turf Club e levaram o pequeno Rafael, de 5 anos, para conhecer o Parque Ecol\u00f3gico e aproveitar as atra\u00e7\u00f5es do Domingo em Fam\u00edlia, o evento que consideraram uma \u00f3tima op\u00e7\u00e3o para o fim de semana. \u201cFoi muito bom. Foi a primeira vez que a gente veio e gostamos muito da organiza\u00e7\u00e3o, do espa\u00e7o e das atividades. A gente costuma sempre frequentar eventos culturais e esse foi nota 10\u201d, contou o casal.<\/p>\n\n\n\n<p>ESPORTE, CULTURA, LAZER E GASTRONOMIA<\/p>\n\n\n\n<p>Com o objetivo de reunir fam\u00edlias para curtirem uma manh\u00e3 de atividades esportivas, inclusivas, de lazer e muito mais, a Prefeitura criou o programa Domingo em Fam\u00edlia. Neste fim de semana, o evento foi todo montado em frente \u00e0 entrada do futuro Parque Ecol\u00f3gico. A programa\u00e7\u00e3o incluiu aulas de dan\u00e7a, ado\u00e7\u00e3o de c\u00e3es e gatos, \u00e1rea kids de atividades esportivas, com\u00e9rcio de comida e bebida, vacina\u00e7\u00e3o de pets e muito mais.<\/p>\n\n\n\n<p>O prefeito Wladimir Garotinho e a primeira-dama Tassiana Oliveira tamb\u00e9m prestigiaram a a\u00e7\u00e3o. \u201cO Domingo em Fam\u00edlia j\u00e1 \u00e9 uma realidade no nosso governo. Agrade\u00e7o a todo mundo que se empenha e se mobiliza para fazer o programa acontecer. O Parque Ecol\u00f3gico \u00e9 um \u00f3timo espa\u00e7o para que todos possam vir com a sua fam\u00edlia, com seus amigos, com seu animal de estima\u00e7\u00e3o. Aqui, h\u00e1 espa\u00e7o para pedalar, caminhar, correr, andar de skate, praticar atividades diversas e se divertir. Tamb\u00e9m tem comercializa\u00e7\u00e3o de diferentes tipos de alimenta\u00e7\u00e3o, feira de artesanato e muito mais\u201d, declarou Wladimir.<\/p>\n\n\n\n<p>O vice-prefeito Frederico Paes tamb\u00e9m esteve no evento com a fam\u00edlia e declarou que tem muito orgulho da a\u00e7\u00e3o: \u201cFiquei muito feliz com essa edi\u00e7\u00e3o desse projeto maravilhoso. Fam\u00edlias reunidas, com sa\u00fade, com alegria, e a nossa miss\u00e3o \u00e9 cuidar das pessoas. Muita gente praticando atividades esportivas e esporte \u00e9 sa\u00fade, esporte \u00e9 vida, integra\u00e7\u00e3o com a fam\u00edlia \u00e9 sa\u00fade, e a gente precisa disso\u201d.<\/p>\n\n\n\n<p>O evento, idealizado pela Secretaria de Governo, tamb\u00e9m contou com o apoio de diversas pastas e secretarias, como a Guarda Civil Municipal, que garantiu a seguran\u00e7a e a ordem, e o projeto Esporte Vida, que levou pr\u00e1ticas esportivas, inclusivas e de lazer. \u201cUma das nossas preocupa\u00e7\u00f5es \u00e9 a socializa\u00e7\u00e3o das pessoas. Aqui, temos gente de todas as idades, espa\u00e7o para as crian\u00e7as t\u00edpicas e n\u00e3o-at\u00edpicas, para o jovem, o idoso. Ent\u00e3o, acho que o objetivo do nosso projeto foi alcan\u00e7ado em sucesso. Hoje todos puderam se divertir de forma saud\u00e1vel e bacana\u201d, declarou o secret\u00e1rio de Governo, Ruy Crispim.<\/p>\n\n\n\n<p>Al\u00e9m de promover e entregar atividades de esporte, lazer, cultura e gastronomia e incentivar a conviv\u00eancia familiar e comunit\u00e1ria por meio da ocupa\u00e7\u00e3o dos espa\u00e7os p\u00fablicos com atividades saud\u00e1veis, o evento tamb\u00e9m contou com diversas outras atividades, como massagem corporal com quiropraxia, ShowDog com o C\u00e3o Zeus da Guarda Civil e m\u00fasica ao vivo com a banda da Seduct.<\/p>\n","protected":false},"excerpt":{"rendered":"<p>O prefeito Wladimir Garotinho e o vice Frederico Paes, com os familiares, participaram do programa,&#8230;<\/p>\n","protected":false},"author":1,"featured_media":31160,"comment_status":"closed","ping_status":"closed","sticky":false,"template":"","format":"standard","meta":{"_jetpack_memberships_contains_paid_content":false,"footnotes":""},"categories":[1598],"tags":[],"class_list":["post-31159","post","type-post","status-publish","format-standard","has-post-thumbnail","hentry","category-lazer"],"yoast_head":"<!-- This site is optimized with the Yoast SEO plugin v26.9 - https:\/\/yoast.com\/product\/yoast-seo-wordpress\/ -->\n<title>Domingo em Fam\u00edlia\u201d com entrega de obras do novo Parque Ecol\u00f3gico - Portal Goitac\u00e1<\/title>\n<meta name=\"robots\" content=\"index, follow, max-snippet:-1, max-image-preview:large, max-video-preview:-1\" \/>\n<link rel=\"canonical\" href=\"https:\/\/portalgoitaca.com.br\/?p=31159\" \/>\n<meta property=\"og:locale\" content=\"pt_PT\" \/>\n<meta property=\"og:type\" content=\"article\" \/>\n<meta property=\"og:title\" content=\"Domingo em Fam\u00edlia\u201d com entrega de obras do novo Parque Ecol\u00f3gico - Portal Goitac\u00e1\" \/>\n<meta property=\"og:description\" content=\"O prefeito Wladimir Garotinho e o vice Frederico Paes, com os familiares, participaram do programa,...\" \/>\n<meta property=\"og:url\" content=\"https:\/\/portalgoitaca.com.br\/?p=31159\" \/>\n<meta property=\"og:site_name\" content=\"Portal Goitac\u00e1\" \/>\n<meta property=\"article:published_time\" content=\"2026-03-16T10:20:15+00:00\" \/>\n<meta property=\"article:modified_time\" content=\"2026-03-16T10:20:17+00:00\" \/>\n<meta property=\"og:image\" content=\"https:\/\/portalgoitaca.com.br\/wp-content\/uploads\/2026\/03\/with-244296.jpeg\" \/>\n\t<meta property=\"og:image:width\" content=\"1280\" \/>\n\t<meta property=\"og:image:height\" content=\"853\" \/>\n\t<meta property=\"og:image:type\" content=\"image\/jpeg\" \/>\n<meta name=\"author\" content=\"mudacamposadmin\" \/>\n<meta name=\"twitter:card\" content=\"summary_large_image\" \/>\n<meta name=\"twitter:label1\" content=\"Escrito por\" \/>\n\t<meta name=\"twitter:data1\" content=\"mudacamposadmin\" \/>\n\t<meta name=\"twitter:label2\" content=\"Tempo estimado de leitura\" \/>\n\t<meta name=\"twitter:data2\" content=\"5 minutos\" \/>\n<script type=\"application\/ld+json\" class=\"yoast-schema-graph\">{\"@context\":\"https:\/\/schema.org\",\"@graph\":[{\"@type\":\"Article\",\"@id\":\"https:\/\/portalgoitaca.com.br\/?p=31159#article\",\"isPartOf\":{\"@id\":\"https:\/\/portalgoitaca.com.br\/?p=31159\"},\"author\":{\"name\":\"mudacamposadmin\",\"@id\":\"https:\/\/portalgoitaca.com.br\/#\/schema\/person\/fe2e82d17c89c2a36d45040f8b8be21d\"},\"headline\":\"Domingo em Fam\u00edlia\u201d com entrega de obras do novo Parque Ecol\u00f3gico\",\"datePublished\":\"2026-03-16T10:20:15+00:00\",\"dateModified\":\"2026-03-16T10:20:17+00:00\",\"mainEntityOfPage\":{\"@id\":\"https:\/\/portalgoitaca.com.br\/?p=31159\"},\"wordCount\":894,\"image\":{\"@id\":\"https:\/\/portalgoitaca.com.br\/?p=31159#primaryimage\"},\"thumbnailUrl\":\"https:\/\/portalgoitaca.com.br\/wp-content\/uploads\/2026\/03\/with-244296.jpeg\",\"articleSection\":[\"Lazer\"],\"inLanguage\":\"pt-PT\"},{\"@type\":\"WebPage\",\"@id\":\"https:\/\/portalgoitaca.com.br\/?p=31159\",\"url\":\"https:\/\/portalgoitaca.com.br\/?p=31159\",\"name\":\"Domingo em Fam\u00edlia\u201d com entrega de obras do novo Parque Ecol\u00f3gico - Portal Goitac\u00e1\",\"isPartOf\":{\"@id\":\"https:\/\/portalgoitaca.com.br\/#website\"},\"primaryImageOfPage\":{\"@id\":\"https:\/\/portalgoitaca.com.br\/?p=31159#primaryimage\"},\"image\":{\"@id\":\"https:\/\/portalgoitaca.com.br\/?p=31159#primaryimage\"},\"thumbnailUrl\":\"https:\/\/portalgoitaca.com.br\/wp-content\/uploads\/2026\/03\/with-244296.jpeg\",\"datePublished\":\"2026-03-16T10:20:15+00:00\",\"dateModified\":\"2026-03-16T10:20:17+00:00\",\"author\":{\"@id\":\"https:\/\/portalgoitaca.com.br\/#\/schema\/person\/fe2e82d17c89c2a36d45040f8b8be21d\"},\"breadcrumb\":{\"@id\":\"https:\/\/portalgoitaca.com.br\/?p=31159#breadcrumb\"},\"inLanguage\":\"pt-PT\",\"potentialAction\":[{\"@type\":\"ReadAction\",\"target\":[\"https:\/\/portalgoitaca.com.br\/?p=31159\"]}]},{\"@type\":\"ImageObject\",\"inLanguage\":\"pt-PT\",\"@id\":\"https:\/\/portalgoitaca.com.br\/?p=31159#primaryimage\",\"url\":\"https:\/\/portalgoitaca.com.br\/wp-content\/uploads\/2026\/03\/with-244296.jpeg\",\"contentUrl\":\"https:\/\/portalgoitaca.com.br\/wp-content\/uploads\/2026\/03\/with-244296.jpeg\",\"width\":1280,\"height\":853},{\"@type\":\"BreadcrumbList\",\"@id\":\"https:\/\/portalgoitaca.com.br\/?p=31159#breadcrumb\",\"itemListElement\":[{\"@type\":\"ListItem\",\"position\":1,\"name\":\"In\u00edcio\",\"item\":\"https:\/\/portalgoitaca.com.br\/\"},{\"@type\":\"ListItem\",\"position\":2,\"name\":\"Domingo em Fam\u00edlia\u201d com entrega de obras do novo Parque Ecol\u00f3gico\"}]},{\"@type\":\"WebSite\",\"@id\":\"https:\/\/portalgoitaca.com.br\/#website\",\"url\":\"https:\/\/portalgoitaca.com.br\/\",\"name\":\"Portal Goitac\u00e1\",\"description\":\"A Noticia da Cidade\",\"potentialAction\":[{\"@type\":\"SearchAction\",\"target\":{\"@type\":\"EntryPoint\",\"urlTemplate\":\"https:\/\/portalgoitaca.com.br\/?s={search_term_string}\"},\"query-input\":{\"@type\":\"PropertyValueSpecification\",\"valueRequired\":true,\"valueName\":\"search_term_string\"}}],\"inLanguage\":\"pt-PT\"},{\"@type\":\"Person\",\"@id\":\"https:\/\/portalgoitaca.com.br\/#\/schema\/person\/fe2e82d17c89c2a36d45040f8b8be21d\",\"name\":\"mudacamposadmin\",\"sameAs\":[\"https:\/\/portalgoitaca.com.br\"],\"url\":\"https:\/\/portalgoitaca.com.br\/?author=1\"}]}<\/script>\n<!-- \/ Yoast SEO plugin. -->","yoast_head_json":{"title":"Domingo em Fam\u00edlia\u201d com entrega de obras do novo Parque Ecol\u00f3gico - Portal Goitac\u00e1","robots":{"index":"index","follow":"follow","max-snippet":"max-snippet:-1","max-image-preview":"max-image-preview:large","max-video-preview":"max-video-preview:-1"},"canonical":"https:\/\/portalgoitaca.com.br\/?p=31159","og_locale":"pt_PT","og_type":"article","og_title":"Domingo em Fam\u00edlia\u201d com entrega de obras do novo Parque Ecol\u00f3gico - Portal Goitac\u00e1","og_description":"O prefeito Wladimir Garotinho e o vice Frederico Paes, com os familiares, participaram do programa,...","og_url":"https:\/\/portalgoitaca.com.br\/?p=31159","og_site_name":"Portal Goitac\u00e1","article_published_time":"2026-03-16T10:20:15+00:00","article_modified_time":"2026-03-16T10:20:17+00:00","og_image":[{"width":1280,"height":853,"url":"https:\/\/portalgoitaca.com.br\/wp-content\/uploads\/2026\/03\/with-244296.jpeg","type":"image\/jpeg"}],"author":"mudacamposadmin","twitter_card":"summary_large_image","twitter_misc":{"Escrito por":"mudacamposadmin","Tempo estimado de leitura":"5 minutos"},"schema":{"@context":"https:\/\/schema.org","@graph":[{"@type":"Article","@id":"https:\/\/portalgoitaca.com.br\/?p=31159#article","isPartOf":{"@id":"https:\/\/portalgoitaca.com.br\/?p=31159"},"author":{"name":"mudacamposadmin","@id":"https:\/\/portalgoitaca.com.br\/#\/schema\/person\/fe2e82d17c89c2a36d45040f8b8be21d"},"headline":"Domingo em Fam\u00edlia\u201d com entrega de obras do novo Parque Ecol\u00f3gico","datePublished":"2026-03-16T10:20:15+00:00","dateModified":"2026-03-16T10:20:17+00:00","mainEntityOfPage":{"@id":"https:\/\/portalgoitaca.com.br\/?p=31159"},"wordCount":894,"image":{"@id":"https:\/\/portalgoitaca.com.br\/?p=31159#primaryimage"},"thumbnailUrl":"https:\/\/portalgoitaca.com.br\/wp-content\/uploads\/2026\/03\/with-244296.jpeg","articleSection":["Lazer"],"inLanguage":"pt-PT"},{"@type":"WebPage","@id":"https:\/\/portalgoitaca.com.br\/?p=31159","url":"https:\/\/portalgoitaca.com.br\/?p=31159","name":"Domingo em Fam\u00edlia\u201d com entrega de obras do novo Parque Ecol\u00f3gico - Portal Goitac\u00e1","isPartOf":{"@id":"https:\/\/portalgoitaca.com.br\/#website"},"primaryImageOfPage":{"@id":"https:\/\/portalgoitaca.com.br\/?p=31159#primaryimage"},"image":{"@id":"https:\/\/portalgoitaca.com.br\/?p=31159#primaryimage"},"thumbnailUrl":"https:\/\/portalgoitaca.com.br\/wp-content\/uploads\/2026\/03\/with-244296.jpeg","datePublished":"2026-03-16T10:20:15+00:00","dateModified":"2026-03-16T10:20:17+00:00","author":{"@id":"https:\/\/portalgoitaca.com.br\/#\/schema\/person\/fe2e82d17c89c2a36d45040f8b8be21d"},"breadcrumb":{"@id":"https:\/\/portalgoitaca.com.br\/?p=31159#breadcrumb"},"inLanguage":"pt-PT","potentialAction":[{"@type":"ReadAction","target":["https:\/\/portalgoitaca.com.br\/?p=31159"]}]},{"@type":"ImageObject","inLanguage":"pt-PT","@id":"https:\/\/portalgoitaca.com.br\/?p=31159#primaryimage","url":"https:\/\/portalgoitaca.com.br\/wp-content\/uploads\/2026\/03\/with-244296.jpeg","contentUrl":"https:\/\/portalgoitaca.com.br\/wp-content\/uploads\/2026\/03\/with-244296.jpeg","width":1280,"height":853},{"@type":"BreadcrumbList","@id":"https:\/\/portalgoitaca.com.br\/?p=31159#breadcrumb","itemListElement":[{"@type":"ListItem","position":1,"name":"In\u00edcio","item":"https:\/\/portalgoitaca.com.br\/"},{"@type":"ListItem","position":2,"name":"Domingo em Fam\u00edlia\u201d com entrega de obras do novo Parque Ecol\u00f3gico"}]},{"@type":"WebSite","@id":"https:\/\/portalgoitaca.com.br\/#website","url":"https:\/\/portalgoitaca.com.br\/","name":"Portal Goitac\u00e1","description":"A Noticia da Cidade","potentialAction":[{"@type":"SearchAction","target":{"@type":"EntryPoint","urlTemplate":"https:\/\/portalgoitaca.com.br\/?s={search_term_string}"},"query-input":{"@type":"PropertyValueSpecification","valueRequired":true,"valueName":"search_term_string"}}],"inLanguage":"pt-PT"},{"@type":"Person","@id":"https:\/\/portalgoitaca.com.br\/#\/schema\/person\/fe2e82d17c89c2a36d45040f8b8be21d","name":"mudacamposadmin","sameAs":["https:\/\/portalgoitaca.com.br"],"url":"https:\/\/portalgoitaca.com.br\/?author=1"}]}},"jetpack_sharing_enabled":true,"jetpack_featured_media_url":"https:\/\/portalgoitaca.com.br\/wp-content\/uploads\/2026\/03\/with-244296.jpeg","_links":{"self":[{"href":"https:\/\/portalgoitaca.com.br\/index.php?rest_route=\/wp\/v2\/posts\/31159","targetHints":{"allow":["GET"]}}],"collection":[{"href":"https:\/\/portalgoitaca.com.br\/index.php?rest_route=\/wp\/v2\/posts"}],"about":[{"href":"https:\/\/portalgoitaca.com.br\/index.php?rest_route=\/wp\/v2\/types\/post"}],"author":[{"embeddable":true,"href":"https:\/\/portalgoitaca.com.br\/index.php?rest_route=\/wp\/v2\/users\/1"}],"replies":[{"embeddable":true,"href":"https:\/\/portalgoitaca.com.br\/index.php?rest_route=%2Fwp%2Fv2%2Fcomments&post=31159"}],"version-history":[{"count":1,"href":"https:\/\/portalgoitaca.com.br\/index.php?rest_route=\/wp\/v2\/posts\/31159\/revisions"}],"predecessor-version":[{"id":31161,"href":"https:\/\/portalgoitaca.com.br\/index.php?rest_route=\/wp\/v2\/posts\/31159\/revisions\/31161"}],"wp:featuredmedia":[{"embeddable":true,"href":"https:\/\/portalgoitaca.com.br\/index.php?rest_route=\/wp\/v2\/media\/31160"}],"wp:attachment":[{"href":"https:\/\/portalgoitaca.com.br\/index.php?rest_route=%2Fwp%2Fv2%2Fmedia&parent=31159"}],"wp:term":[{"taxonomy":"category","embeddable":true,"href":"https:\/\/portalgoitaca.com.br\/index.php?rest_route=%2Fwp%2Fv2%2Fcategories&post=31159"},{"taxonomy":"post_tag","embeddable":true,"href":"https:\/\/portalgoitaca.com.br\/index.php?rest_route=%2Fwp%2Fv2%2Ftags&post=31159"}],"curies":[{"name":"wp","href":"https:\/\/api.w.org\/{rel}","templated":true}]}}