{"id":19334,"date":"2025-02-21T10:07:53","date_gmt":"2025-02-21T13:07:53","guid":{"rendered":"https:\/\/portalgoitaca.com.br\/?p=19334"},"modified":"2025-02-21T10:07:55","modified_gmt":"2025-02-21T13:07:55","slug":"farol-sheila-mattos-sera-a-atracao-desta-sexta-feira-no-lagamar","status":"publish","type":"post","link":"https:\/\/portalgoitaca.com.br\/?p=19334","title":{"rendered":"Farol: Sheila Mattos ser\u00e1 a atra\u00e7\u00e3o desta sexta-feira no Lagamar"},"content":{"rendered":"\n<p>A cantora Sheila Mattos ser\u00e1 a atra\u00e7\u00e3o do Lagamar nesta sexta-feira (21), se apresentando \u00e0s 21h. O show do \u201cVer\u00e3o de Todos N\u00f3s 2025\u201d tem o oferecimento da Prefeitura de Campos, via Funda\u00e7\u00e3o Cultural Jornalista Oswaldo Lima (FCJOL), contando com o apoio de diversas secretarias, na uni\u00e3o de for\u00e7as que tem viabilizado uma temporada de grandes eventos na praia campista.<\/p>\n\n\n\n<p>\u201cA expectativa \u00e9 fazer um grandioso show, alegrando o p\u00fablico que estiver no Lagamar, com forr\u00f3, sertanejo e arrocha. Ser\u00e3o momentos de muita alegria e descontra\u00e7\u00e3o, celebrando a contagem regressiva para o Carnaval\u201d, adianta Sheila Mattos.<\/p>\n\n\n\n<p>PROGRAMA\u00c7\u00c3O DO FINAL DE SEMANA<\/p>\n\n\n\n<p>No s\u00e1bado (22) a Arena de Shows receber\u00e1 o cantor Suel, \u00e0s 21h, al\u00e9m do DJ HT, que far\u00e1 a recep\u00e7\u00e3o do p\u00fablico. E, no domingo (23), \u00e0s 15h, o trio el\u00e9trico ter\u00e1 o comando da Banda Me Puxa.<\/p>\n","protected":false},"excerpt":{"rendered":"<p>A cantora Sheila Mattos ser\u00e1 a atra\u00e7\u00e3o do Lagamar nesta sexta-feira (21), se apresentando \u00e0s&#8230;<\/p>\n","protected":false},"author":1,"featured_media":19335,"comment_status":"closed","ping_status":"closed","sticky":false,"template":"","format":"standard","meta":{"_jetpack_memberships_contains_paid_content":false,"footnotes":""},"categories":[1609],"tags":[],"class_list":["post-19334","post","type-post","status-publish","format-standard","has-post-thumbnail","hentry","category-farol-sao-thome"],"yoast_head":"<!-- This site is optimized with the Yoast SEO plugin v26.9 - https:\/\/yoast.com\/product\/yoast-seo-wordpress\/ -->\n<title>Farol: Sheila Mattos ser\u00e1 a atra\u00e7\u00e3o desta sexta-feira no Lagamar - Portal Goitac\u00e1<\/title>\n<meta name=\"robots\" content=\"index, follow, max-snippet:-1, max-image-preview:large, max-video-preview:-1\" \/>\n<link rel=\"canonical\" href=\"https:\/\/portalgoitaca.com.br\/?p=19334\" \/>\n<meta property=\"og:locale\" content=\"pt_PT\" \/>\n<meta property=\"og:type\" content=\"article\" \/>\n<meta property=\"og:title\" content=\"Farol: Sheila Mattos ser\u00e1 a atra\u00e7\u00e3o desta sexta-feira no Lagamar - Portal Goitac\u00e1\" \/>\n<meta property=\"og:description\" content=\"A cantora Sheila Mattos ser\u00e1 a atra\u00e7\u00e3o do Lagamar nesta sexta-feira (21), se apresentando \u00e0s...\" \/>\n<meta property=\"og:url\" content=\"https:\/\/portalgoitaca.com.br\/?p=19334\" \/>\n<meta property=\"og:site_name\" content=\"Portal Goitac\u00e1\" \/>\n<meta property=\"article:published_time\" content=\"2025-02-21T13:07:53+00:00\" \/>\n<meta property=\"article:modified_time\" content=\"2025-02-21T13:07:55+00:00\" \/>\n<meta property=\"og:image\" content=\"https:\/\/portalgoitaca.com.br\/wp-content\/uploads\/2025\/02\/with-232989.jpg\" \/>\n\t<meta property=\"og:image:width\" content=\"750\" \/>\n\t<meta property=\"og:image:height\" content=\"500\" \/>\n\t<meta property=\"og:image:type\" content=\"image\/jpeg\" \/>\n<meta name=\"author\" content=\"mudacamposadmin\" \/>\n<meta name=\"twitter:card\" content=\"summary_large_image\" \/>\n<meta name=\"twitter:label1\" content=\"Escrito por\" \/>\n\t<meta name=\"twitter:data1\" content=\"mudacamposadmin\" \/>\n\t<meta name=\"twitter:label2\" content=\"Tempo estimado de leitura\" \/>\n\t<meta name=\"twitter:data2\" content=\"1 minuto\" \/>\n<script type=\"application\/ld+json\" class=\"yoast-schema-graph\">{\"@context\":\"https:\/\/schema.org\",\"@graph\":[{\"@type\":\"Article\",\"@id\":\"https:\/\/portalgoitaca.com.br\/?p=19334#article\",\"isPartOf\":{\"@id\":\"https:\/\/portalgoitaca.com.br\/?p=19334\"},\"author\":{\"name\":\"mudacamposadmin\",\"@id\":\"https:\/\/portalgoitaca.com.br\/#\/schema\/person\/fe2e82d17c89c2a36d45040f8b8be21d\"},\"headline\":\"Farol: Sheila Mattos ser\u00e1 a atra\u00e7\u00e3o desta sexta-feira no Lagamar\",\"datePublished\":\"2025-02-21T13:07:53+00:00\",\"dateModified\":\"2025-02-21T13:07:55+00:00\",\"mainEntityOfPage\":{\"@id\":\"https:\/\/portalgoitaca.com.br\/?p=19334\"},\"wordCount\":161,\"image\":{\"@id\":\"https:\/\/portalgoitaca.com.br\/?p=19334#primaryimage\"},\"thumbnailUrl\":\"https:\/\/portalgoitaca.com.br\/wp-content\/uploads\/2025\/02\/with-232989.jpg\",\"articleSection\":[\"Farol s\u00e3o Thom\u00e9\"],\"inLanguage\":\"pt-PT\"},{\"@type\":\"WebPage\",\"@id\":\"https:\/\/portalgoitaca.com.br\/?p=19334\",\"url\":\"https:\/\/portalgoitaca.com.br\/?p=19334\",\"name\":\"Farol: Sheila Mattos ser\u00e1 a atra\u00e7\u00e3o desta sexta-feira no Lagamar - Portal Goitac\u00e1\",\"isPartOf\":{\"@id\":\"https:\/\/portalgoitaca.com.br\/#website\"},\"primaryImageOfPage\":{\"@id\":\"https:\/\/portalgoitaca.com.br\/?p=19334#primaryimage\"},\"image\":{\"@id\":\"https:\/\/portalgoitaca.com.br\/?p=19334#primaryimage\"},\"thumbnailUrl\":\"https:\/\/portalgoitaca.com.br\/wp-content\/uploads\/2025\/02\/with-232989.jpg\",\"datePublished\":\"2025-02-21T13:07:53+00:00\",\"dateModified\":\"2025-02-21T13:07:55+00:00\",\"author\":{\"@id\":\"https:\/\/portalgoitaca.com.br\/#\/schema\/person\/fe2e82d17c89c2a36d45040f8b8be21d\"},\"breadcrumb\":{\"@id\":\"https:\/\/portalgoitaca.com.br\/?p=19334#breadcrumb\"},\"inLanguage\":\"pt-PT\",\"potentialAction\":[{\"@type\":\"ReadAction\",\"target\":[\"https:\/\/portalgoitaca.com.br\/?p=19334\"]}]},{\"@type\":\"ImageObject\",\"inLanguage\":\"pt-PT\",\"@id\":\"https:\/\/portalgoitaca.com.br\/?p=19334#primaryimage\",\"url\":\"https:\/\/portalgoitaca.com.br\/wp-content\/uploads\/2025\/02\/with-232989.jpg\",\"contentUrl\":\"https:\/\/portalgoitaca.com.br\/wp-content\/uploads\/2025\/02\/with-232989.jpg\",\"width\":750,\"height\":500},{\"@type\":\"BreadcrumbList\",\"@id\":\"https:\/\/portalgoitaca.com.br\/?p=19334#breadcrumb\",\"itemListElement\":[{\"@type\":\"ListItem\",\"position\":1,\"name\":\"In\u00edcio\",\"item\":\"https:\/\/portalgoitaca.com.br\/\"},{\"@type\":\"ListItem\",\"position\":2,\"name\":\"Farol: Sheila Mattos ser\u00e1 a atra\u00e7\u00e3o desta sexta-feira no Lagamar\"}]},{\"@type\":\"WebSite\",\"@id\":\"https:\/\/portalgoitaca.com.br\/#website\",\"url\":\"https:\/\/portalgoitaca.com.br\/\",\"name\":\"Portal Goitac\u00e1\",\"description\":\"A Noticia da Cidade\",\"potentialAction\":[{\"@type\":\"SearchAction\",\"target\":{\"@type\":\"EntryPoint\",\"urlTemplate\":\"https:\/\/portalgoitaca.com.br\/?s={search_term_string}\"},\"query-input\":{\"@type\":\"PropertyValueSpecification\",\"valueRequired\":true,\"valueName\":\"search_term_string\"}}],\"inLanguage\":\"pt-PT\"},{\"@type\":\"Person\",\"@id\":\"https:\/\/portalgoitaca.com.br\/#\/schema\/person\/fe2e82d17c89c2a36d45040f8b8be21d\",\"name\":\"mudacamposadmin\",\"sameAs\":[\"https:\/\/portalgoitaca.com.br\"],\"url\":\"https:\/\/portalgoitaca.com.br\/?author=1\"}]}<\/script>\n<!-- \/ Yoast SEO plugin. -->","yoast_head_json":{"title":"Farol: Sheila Mattos ser\u00e1 a atra\u00e7\u00e3o desta sexta-feira no Lagamar - Portal Goitac\u00e1","robots":{"index":"index","follow":"follow","max-snippet":"max-snippet:-1","max-image-preview":"max-image-preview:large","max-video-preview":"max-video-preview:-1"},"canonical":"https:\/\/portalgoitaca.com.br\/?p=19334","og_locale":"pt_PT","og_type":"article","og_title":"Farol: Sheila Mattos ser\u00e1 a atra\u00e7\u00e3o desta sexta-feira no Lagamar - Portal Goitac\u00e1","og_description":"A cantora Sheila Mattos ser\u00e1 a atra\u00e7\u00e3o do Lagamar nesta sexta-feira (21), se apresentando \u00e0s...","og_url":"https:\/\/portalgoitaca.com.br\/?p=19334","og_site_name":"Portal Goitac\u00e1","article_published_time":"2025-02-21T13:07:53+00:00","article_modified_time":"2025-02-21T13:07:55+00:00","og_image":[{"width":750,"height":500,"url":"https:\/\/portalgoitaca.com.br\/wp-content\/uploads\/2025\/02\/with-232989.jpg","type":"image\/jpeg"}],"author":"mudacamposadmin","twitter_card":"summary_large_image","twitter_misc":{"Escrito por":"mudacamposadmin","Tempo estimado de leitura":"1 minuto"},"schema":{"@context":"https:\/\/schema.org","@graph":[{"@type":"Article","@id":"https:\/\/portalgoitaca.com.br\/?p=19334#article","isPartOf":{"@id":"https:\/\/portalgoitaca.com.br\/?p=19334"},"author":{"name":"mudacamposadmin","@id":"https:\/\/portalgoitaca.com.br\/#\/schema\/person\/fe2e82d17c89c2a36d45040f8b8be21d"},"headline":"Farol: Sheila Mattos ser\u00e1 a atra\u00e7\u00e3o desta sexta-feira no Lagamar","datePublished":"2025-02-21T13:07:53+00:00","dateModified":"2025-02-21T13:07:55+00:00","mainEntityOfPage":{"@id":"https:\/\/portalgoitaca.com.br\/?p=19334"},"wordCount":161,"image":{"@id":"https:\/\/portalgoitaca.com.br\/?p=19334#primaryimage"},"thumbnailUrl":"https:\/\/portalgoitaca.com.br\/wp-content\/uploads\/2025\/02\/with-232989.jpg","articleSection":["Farol s\u00e3o Thom\u00e9"],"inLanguage":"pt-PT"},{"@type":"WebPage","@id":"https:\/\/portalgoitaca.com.br\/?p=19334","url":"https:\/\/portalgoitaca.com.br\/?p=19334","name":"Farol: Sheila Mattos ser\u00e1 a atra\u00e7\u00e3o desta sexta-feira no Lagamar - Portal Goitac\u00e1","isPartOf":{"@id":"https:\/\/portalgoitaca.com.br\/#website"},"primaryImageOfPage":{"@id":"https:\/\/portalgoitaca.com.br\/?p=19334#primaryimage"},"image":{"@id":"https:\/\/portalgoitaca.com.br\/?p=19334#primaryimage"},"thumbnailUrl":"https:\/\/portalgoitaca.com.br\/wp-content\/uploads\/2025\/02\/with-232989.jpg","datePublished":"2025-02-21T13:07:53+00:00","dateModified":"2025-02-21T13:07:55+00:00","author":{"@id":"https:\/\/portalgoitaca.com.br\/#\/schema\/person\/fe2e82d17c89c2a36d45040f8b8be21d"},"breadcrumb":{"@id":"https:\/\/portalgoitaca.com.br\/?p=19334#breadcrumb"},"inLanguage":"pt-PT","potentialAction":[{"@type":"ReadAction","target":["https:\/\/portalgoitaca.com.br\/?p=19334"]}]},{"@type":"ImageObject","inLanguage":"pt-PT","@id":"https:\/\/portalgoitaca.com.br\/?p=19334#primaryimage","url":"https:\/\/portalgoitaca.com.br\/wp-content\/uploads\/2025\/02\/with-232989.jpg","contentUrl":"https:\/\/portalgoitaca.com.br\/wp-content\/uploads\/2025\/02\/with-232989.jpg","width":750,"height":500},{"@type":"BreadcrumbList","@id":"https:\/\/portalgoitaca.com.br\/?p=19334#breadcrumb","itemListElement":[{"@type":"ListItem","position":1,"name":"In\u00edcio","item":"https:\/\/portalgoitaca.com.br\/"},{"@type":"ListItem","position":2,"name":"Farol: Sheila Mattos ser\u00e1 a atra\u00e7\u00e3o desta sexta-feira no Lagamar"}]},{"@type":"WebSite","@id":"https:\/\/portalgoitaca.com.br\/#website","url":"https:\/\/portalgoitaca.com.br\/","name":"Portal Goitac\u00e1","description":"A Noticia da Cidade","potentialAction":[{"@type":"SearchAction","target":{"@type":"EntryPoint","urlTemplate":"https:\/\/portalgoitaca.com.br\/?s={search_term_string}"},"query-input":{"@type":"PropertyValueSpecification","valueRequired":true,"valueName":"search_term_string"}}],"inLanguage":"pt-PT"},{"@type":"Person","@id":"https:\/\/portalgoitaca.com.br\/#\/schema\/person\/fe2e82d17c89c2a36d45040f8b8be21d","name":"mudacamposadmin","sameAs":["https:\/\/portalgoitaca.com.br"],"url":"https:\/\/portalgoitaca.com.br\/?author=1"}]}},"jetpack_sharing_enabled":true,"jetpack_featured_media_url":"https:\/\/portalgoitaca.com.br\/wp-content\/uploads\/2025\/02\/with-232989.jpg","_links":{"self":[{"href":"https:\/\/portalgoitaca.com.br\/index.php?rest_route=\/wp\/v2\/posts\/19334","targetHints":{"allow":["GET"]}}],"collection":[{"href":"https:\/\/portalgoitaca.com.br\/index.php?rest_route=\/wp\/v2\/posts"}],"about":[{"href":"https:\/\/portalgoitaca.com.br\/index.php?rest_route=\/wp\/v2\/types\/post"}],"author":[{"embeddable":true,"href":"https:\/\/portalgoitaca.com.br\/index.php?rest_route=\/wp\/v2\/users\/1"}],"replies":[{"embeddable":true,"href":"https:\/\/portalgoitaca.com.br\/index.php?rest_route=%2Fwp%2Fv2%2Fcomments&post=19334"}],"version-history":[{"count":1,"href":"https:\/\/portalgoitaca.com.br\/index.php?rest_route=\/wp\/v2\/posts\/19334\/revisions"}],"predecessor-version":[{"id":19336,"href":"https:\/\/portalgoitaca.com.br\/index.php?rest_route=\/wp\/v2\/posts\/19334\/revisions\/19336"}],"wp:featuredmedia":[{"embeddable":true,"href":"https:\/\/portalgoitaca.com.br\/index.php?rest_route=\/wp\/v2\/media\/19335"}],"wp:attachment":[{"href":"https:\/\/portalgoitaca.com.br\/index.php?rest_route=%2Fwp%2Fv2%2Fmedia&parent=19334"}],"wp:term":[{"taxonomy":"category","embeddable":true,"href":"https:\/\/portalgoitaca.com.br\/index.php?rest_route=%2Fwp%2Fv2%2Fcategories&post=19334"},{"taxonomy":"post_tag","embeddable":true,"href":"https:\/\/portalgoitaca.com.br\/index.php?rest_route=%2Fwp%2Fv2%2Ftags&post=19334"}],"curies":[{"name":"wp","href":"https:\/\/api.w.org\/{rel}","templated":true}]}}