{"id":18835,"date":"2025-02-12T09:43:53","date_gmt":"2025-02-12T12:43:53","guid":{"rendered":"https:\/\/portalgoitaca.com.br\/?p=18835"},"modified":"2025-02-12T09:56:41","modified_gmt":"2025-02-12T12:56:41","slug":"governador-claudio-castro-inaugura-ponte-da-integracao-nesta-quarta-feira","status":"publish","type":"post","link":"https:\/\/portalgoitaca.com.br\/?p=18835","title":{"rendered":"Governador Cl\u00e1udio Castro inaugura Ponte da Integra\u00e7\u00e3o nesta quarta-feira"},"content":{"rendered":"\n<p>A Ponte da Integra\u00e7\u00e3o ser\u00e1 inaugurada e liberada para tr\u00e1fego nesta quarta-feira (12), \u00e0s 10 horas na BR-356. A cerim\u00f4nia de inaugura\u00e7\u00e3o contar\u00e1 com a presen\u00e7a do governador Cl\u00e1udio Castro e o presidente da Assembleia Legislativa do Estado do Rio de Janeiro, deputado Rodrigo Bacelar, al\u00e9m de outras autoridades.<\/p>\n\n\n\n<p>A prefeita de S\u00e3o Francisco de Itabapoana, Yara Cinthia, com agenda em Bras\u00edlia junto com seu vice Renato Roxinho, n\u00e3o participar\u00e1 da inaugura\u00e7\u00e3o. No entanto, caber\u00e1 ao presidente da C\u00e2mara Municipal de SFI, Alexandre Barr\u00e3o, represent\u00e1-la.<\/p>\n\n\n\n<p>A prefeita de S\u00e3o Jo\u00e3o da Barra, Carla Caputi publicou em sua rede social: \u201cNa pr\u00f3xima quarta-feira, \u00e0s 10h, ser\u00e1 inaugurada a t\u00e3o esperada Ponte da Integra\u00e7\u00e3o, um marco para S\u00e3o Jo\u00e3o da Barra e toda a regi\u00e3o. Convido todos voc\u00eas para estarem presentes nesse dia hist\u00f3rico ao lado do governador Claudio Castro, do deputado Rodrigo Bacellar e da deputada Carla Machado, grandes parceiros dessa conquista. A presen\u00e7a de cada um ser\u00e1 fundamental para celebrarmos juntos essa nova fase de desenvolvimento e progresso\u201d.<\/p>\n\n\n\n<p>O prefeito de Campos, Wladimir Garotinho, tamb\u00e9m estar\u00e1 presente ao ato.<br><br>Fonte: V Not\u00edcia<\/p>\n","protected":false},"excerpt":{"rendered":"<p>A Ponte da Integra\u00e7\u00e3o ser\u00e1 inaugurada e liberada para tr\u00e1fego nesta quarta-feira (12), \u00e0s 10&#8230;<\/p>\n","protected":false},"author":1,"featured_media":18836,"comment_status":"closed","ping_status":"closed","sticky":false,"template":"","format":"standard","meta":{"_jetpack_memberships_contains_paid_content":false,"footnotes":""},"categories":[1612],"tags":[],"class_list":["post-18835","post","type-post","status-publish","format-standard","has-post-thumbnail","hentry","category-sao-joao-barra"],"yoast_head":"<!-- This site is optimized with the Yoast SEO plugin v26.9 - https:\/\/yoast.com\/product\/yoast-seo-wordpress\/ -->\n<title>Governador Cl\u00e1udio Castro inaugura Ponte da Integra\u00e7\u00e3o nesta quarta-feira - Portal Goitac\u00e1<\/title>\n<meta name=\"robots\" content=\"index, follow, max-snippet:-1, max-image-preview:large, max-video-preview:-1\" \/>\n<link rel=\"canonical\" href=\"https:\/\/portalgoitaca.com.br\/?p=18835\" \/>\n<meta property=\"og:locale\" content=\"pt_PT\" \/>\n<meta property=\"og:type\" content=\"article\" \/>\n<meta property=\"og:title\" content=\"Governador Cl\u00e1udio Castro inaugura Ponte da Integra\u00e7\u00e3o nesta quarta-feira - Portal Goitac\u00e1\" \/>\n<meta property=\"og:description\" content=\"A Ponte da Integra\u00e7\u00e3o ser\u00e1 inaugurada e liberada para tr\u00e1fego nesta quarta-feira (12), \u00e0s 10...\" \/>\n<meta property=\"og:url\" content=\"https:\/\/portalgoitaca.com.br\/?p=18835\" \/>\n<meta property=\"og:site_name\" content=\"Portal Goitac\u00e1\" \/>\n<meta property=\"article:published_time\" content=\"2025-02-12T12:43:53+00:00\" \/>\n<meta property=\"article:modified_time\" content=\"2025-02-12T12:56:41+00:00\" \/>\n<meta property=\"og:image\" content=\"https:\/\/portalgoitaca.com.br\/wp-content\/uploads\/2025\/02\/7211_campos-jpg.jpg\" \/>\n\t<meta property=\"og:image:width\" content=\"1200\" \/>\n\t<meta property=\"og:image:height\" content=\"750\" \/>\n\t<meta property=\"og:image:type\" content=\"image\/jpeg\" \/>\n<meta name=\"author\" content=\"mudacamposadmin\" \/>\n<meta name=\"twitter:card\" content=\"summary_large_image\" \/>\n<meta name=\"twitter:label1\" content=\"Escrito por\" \/>\n\t<meta name=\"twitter:data1\" content=\"mudacamposadmin\" \/>\n\t<meta name=\"twitter:label2\" content=\"Tempo estimado de leitura\" \/>\n\t<meta name=\"twitter:data2\" content=\"2 minutos\" \/>\n<script type=\"application\/ld+json\" class=\"yoast-schema-graph\">{\"@context\":\"https:\/\/schema.org\",\"@graph\":[{\"@type\":\"Article\",\"@id\":\"https:\/\/portalgoitaca.com.br\/?p=18835#article\",\"isPartOf\":{\"@id\":\"https:\/\/portalgoitaca.com.br\/?p=18835\"},\"author\":{\"name\":\"mudacamposadmin\",\"@id\":\"https:\/\/portalgoitaca.com.br\/#\/schema\/person\/fe2e82d17c89c2a36d45040f8b8be21d\"},\"headline\":\"Governador Cl\u00e1udio Castro inaugura Ponte da Integra\u00e7\u00e3o nesta quarta-feira\",\"datePublished\":\"2025-02-12T12:43:53+00:00\",\"dateModified\":\"2025-02-12T12:56:41+00:00\",\"mainEntityOfPage\":{\"@id\":\"https:\/\/portalgoitaca.com.br\/?p=18835\"},\"wordCount\":218,\"image\":{\"@id\":\"https:\/\/portalgoitaca.com.br\/?p=18835#primaryimage\"},\"thumbnailUrl\":\"https:\/\/portalgoitaca.com.br\/wp-content\/uploads\/2025\/02\/7211_campos-jpg.jpg\",\"articleSection\":[\"S\u00e3o Jo\u00e3o Barra\"],\"inLanguage\":\"pt-PT\"},{\"@type\":\"WebPage\",\"@id\":\"https:\/\/portalgoitaca.com.br\/?p=18835\",\"url\":\"https:\/\/portalgoitaca.com.br\/?p=18835\",\"name\":\"Governador Cl\u00e1udio Castro inaugura Ponte da Integra\u00e7\u00e3o nesta quarta-feira - Portal Goitac\u00e1\",\"isPartOf\":{\"@id\":\"https:\/\/portalgoitaca.com.br\/#website\"},\"primaryImageOfPage\":{\"@id\":\"https:\/\/portalgoitaca.com.br\/?p=18835#primaryimage\"},\"image\":{\"@id\":\"https:\/\/portalgoitaca.com.br\/?p=18835#primaryimage\"},\"thumbnailUrl\":\"https:\/\/portalgoitaca.com.br\/wp-content\/uploads\/2025\/02\/7211_campos-jpg.jpg\",\"datePublished\":\"2025-02-12T12:43:53+00:00\",\"dateModified\":\"2025-02-12T12:56:41+00:00\",\"author\":{\"@id\":\"https:\/\/portalgoitaca.com.br\/#\/schema\/person\/fe2e82d17c89c2a36d45040f8b8be21d\"},\"breadcrumb\":{\"@id\":\"https:\/\/portalgoitaca.com.br\/?p=18835#breadcrumb\"},\"inLanguage\":\"pt-PT\",\"potentialAction\":[{\"@type\":\"ReadAction\",\"target\":[\"https:\/\/portalgoitaca.com.br\/?p=18835\"]}]},{\"@type\":\"ImageObject\",\"inLanguage\":\"pt-PT\",\"@id\":\"https:\/\/portalgoitaca.com.br\/?p=18835#primaryimage\",\"url\":\"https:\/\/portalgoitaca.com.br\/wp-content\/uploads\/2025\/02\/7211_campos-jpg.jpg\",\"contentUrl\":\"https:\/\/portalgoitaca.com.br\/wp-content\/uploads\/2025\/02\/7211_campos-jpg.jpg\",\"width\":1200,\"height\":750},{\"@type\":\"BreadcrumbList\",\"@id\":\"https:\/\/portalgoitaca.com.br\/?p=18835#breadcrumb\",\"itemListElement\":[{\"@type\":\"ListItem\",\"position\":1,\"name\":\"In\u00edcio\",\"item\":\"https:\/\/portalgoitaca.com.br\/\"},{\"@type\":\"ListItem\",\"position\":2,\"name\":\"Governador Cl\u00e1udio Castro inaugura Ponte da Integra\u00e7\u00e3o nesta quarta-feira\"}]},{\"@type\":\"WebSite\",\"@id\":\"https:\/\/portalgoitaca.com.br\/#website\",\"url\":\"https:\/\/portalgoitaca.com.br\/\",\"name\":\"Portal Goitac\u00e1\",\"description\":\"A Noticia da Cidade\",\"potentialAction\":[{\"@type\":\"SearchAction\",\"target\":{\"@type\":\"EntryPoint\",\"urlTemplate\":\"https:\/\/portalgoitaca.com.br\/?s={search_term_string}\"},\"query-input\":{\"@type\":\"PropertyValueSpecification\",\"valueRequired\":true,\"valueName\":\"search_term_string\"}}],\"inLanguage\":\"pt-PT\"},{\"@type\":\"Person\",\"@id\":\"https:\/\/portalgoitaca.com.br\/#\/schema\/person\/fe2e82d17c89c2a36d45040f8b8be21d\",\"name\":\"mudacamposadmin\",\"sameAs\":[\"https:\/\/portalgoitaca.com.br\"],\"url\":\"https:\/\/portalgoitaca.com.br\/?author=1\"}]}<\/script>\n<!-- \/ Yoast SEO plugin. -->","yoast_head_json":{"title":"Governador Cl\u00e1udio Castro inaugura Ponte da Integra\u00e7\u00e3o nesta quarta-feira - Portal Goitac\u00e1","robots":{"index":"index","follow":"follow","max-snippet":"max-snippet:-1","max-image-preview":"max-image-preview:large","max-video-preview":"max-video-preview:-1"},"canonical":"https:\/\/portalgoitaca.com.br\/?p=18835","og_locale":"pt_PT","og_type":"article","og_title":"Governador Cl\u00e1udio Castro inaugura Ponte da Integra\u00e7\u00e3o nesta quarta-feira - Portal Goitac\u00e1","og_description":"A Ponte da Integra\u00e7\u00e3o ser\u00e1 inaugurada e liberada para tr\u00e1fego nesta quarta-feira (12), \u00e0s 10...","og_url":"https:\/\/portalgoitaca.com.br\/?p=18835","og_site_name":"Portal Goitac\u00e1","article_published_time":"2025-02-12T12:43:53+00:00","article_modified_time":"2025-02-12T12:56:41+00:00","og_image":[{"width":1200,"height":750,"url":"https:\/\/portalgoitaca.com.br\/wp-content\/uploads\/2025\/02\/7211_campos-jpg.jpg","type":"image\/jpeg"}],"author":"mudacamposadmin","twitter_card":"summary_large_image","twitter_misc":{"Escrito por":"mudacamposadmin","Tempo estimado de leitura":"2 minutos"},"schema":{"@context":"https:\/\/schema.org","@graph":[{"@type":"Article","@id":"https:\/\/portalgoitaca.com.br\/?p=18835#article","isPartOf":{"@id":"https:\/\/portalgoitaca.com.br\/?p=18835"},"author":{"name":"mudacamposadmin","@id":"https:\/\/portalgoitaca.com.br\/#\/schema\/person\/fe2e82d17c89c2a36d45040f8b8be21d"},"headline":"Governador Cl\u00e1udio Castro inaugura Ponte da Integra\u00e7\u00e3o nesta quarta-feira","datePublished":"2025-02-12T12:43:53+00:00","dateModified":"2025-02-12T12:56:41+00:00","mainEntityOfPage":{"@id":"https:\/\/portalgoitaca.com.br\/?p=18835"},"wordCount":218,"image":{"@id":"https:\/\/portalgoitaca.com.br\/?p=18835#primaryimage"},"thumbnailUrl":"https:\/\/portalgoitaca.com.br\/wp-content\/uploads\/2025\/02\/7211_campos-jpg.jpg","articleSection":["S\u00e3o Jo\u00e3o Barra"],"inLanguage":"pt-PT"},{"@type":"WebPage","@id":"https:\/\/portalgoitaca.com.br\/?p=18835","url":"https:\/\/portalgoitaca.com.br\/?p=18835","name":"Governador Cl\u00e1udio Castro inaugura Ponte da Integra\u00e7\u00e3o nesta quarta-feira - Portal Goitac\u00e1","isPartOf":{"@id":"https:\/\/portalgoitaca.com.br\/#website"},"primaryImageOfPage":{"@id":"https:\/\/portalgoitaca.com.br\/?p=18835#primaryimage"},"image":{"@id":"https:\/\/portalgoitaca.com.br\/?p=18835#primaryimage"},"thumbnailUrl":"https:\/\/portalgoitaca.com.br\/wp-content\/uploads\/2025\/02\/7211_campos-jpg.jpg","datePublished":"2025-02-12T12:43:53+00:00","dateModified":"2025-02-12T12:56:41+00:00","author":{"@id":"https:\/\/portalgoitaca.com.br\/#\/schema\/person\/fe2e82d17c89c2a36d45040f8b8be21d"},"breadcrumb":{"@id":"https:\/\/portalgoitaca.com.br\/?p=18835#breadcrumb"},"inLanguage":"pt-PT","potentialAction":[{"@type":"ReadAction","target":["https:\/\/portalgoitaca.com.br\/?p=18835"]}]},{"@type":"ImageObject","inLanguage":"pt-PT","@id":"https:\/\/portalgoitaca.com.br\/?p=18835#primaryimage","url":"https:\/\/portalgoitaca.com.br\/wp-content\/uploads\/2025\/02\/7211_campos-jpg.jpg","contentUrl":"https:\/\/portalgoitaca.com.br\/wp-content\/uploads\/2025\/02\/7211_campos-jpg.jpg","width":1200,"height":750},{"@type":"BreadcrumbList","@id":"https:\/\/portalgoitaca.com.br\/?p=18835#breadcrumb","itemListElement":[{"@type":"ListItem","position":1,"name":"In\u00edcio","item":"https:\/\/portalgoitaca.com.br\/"},{"@type":"ListItem","position":2,"name":"Governador Cl\u00e1udio Castro inaugura Ponte da Integra\u00e7\u00e3o nesta quarta-feira"}]},{"@type":"WebSite","@id":"https:\/\/portalgoitaca.com.br\/#website","url":"https:\/\/portalgoitaca.com.br\/","name":"Portal Goitac\u00e1","description":"A Noticia da Cidade","potentialAction":[{"@type":"SearchAction","target":{"@type":"EntryPoint","urlTemplate":"https:\/\/portalgoitaca.com.br\/?s={search_term_string}"},"query-input":{"@type":"PropertyValueSpecification","valueRequired":true,"valueName":"search_term_string"}}],"inLanguage":"pt-PT"},{"@type":"Person","@id":"https:\/\/portalgoitaca.com.br\/#\/schema\/person\/fe2e82d17c89c2a36d45040f8b8be21d","name":"mudacamposadmin","sameAs":["https:\/\/portalgoitaca.com.br"],"url":"https:\/\/portalgoitaca.com.br\/?author=1"}]}},"jetpack_sharing_enabled":true,"jetpack_featured_media_url":"https:\/\/portalgoitaca.com.br\/wp-content\/uploads\/2025\/02\/7211_campos-jpg.jpg","_links":{"self":[{"href":"https:\/\/portalgoitaca.com.br\/index.php?rest_route=\/wp\/v2\/posts\/18835","targetHints":{"allow":["GET"]}}],"collection":[{"href":"https:\/\/portalgoitaca.com.br\/index.php?rest_route=\/wp\/v2\/posts"}],"about":[{"href":"https:\/\/portalgoitaca.com.br\/index.php?rest_route=\/wp\/v2\/types\/post"}],"author":[{"embeddable":true,"href":"https:\/\/portalgoitaca.com.br\/index.php?rest_route=\/wp\/v2\/users\/1"}],"replies":[{"embeddable":true,"href":"https:\/\/portalgoitaca.com.br\/index.php?rest_route=%2Fwp%2Fv2%2Fcomments&post=18835"}],"version-history":[{"count":2,"href":"https:\/\/portalgoitaca.com.br\/index.php?rest_route=\/wp\/v2\/posts\/18835\/revisions"}],"predecessor-version":[{"id":18843,"href":"https:\/\/portalgoitaca.com.br\/index.php?rest_route=\/wp\/v2\/posts\/18835\/revisions\/18843"}],"wp:featuredmedia":[{"embeddable":true,"href":"https:\/\/portalgoitaca.com.br\/index.php?rest_route=\/wp\/v2\/media\/18836"}],"wp:attachment":[{"href":"https:\/\/portalgoitaca.com.br\/index.php?rest_route=%2Fwp%2Fv2%2Fmedia&parent=18835"}],"wp:term":[{"taxonomy":"category","embeddable":true,"href":"https:\/\/portalgoitaca.com.br\/index.php?rest_route=%2Fwp%2Fv2%2Fcategories&post=18835"},{"taxonomy":"post_tag","embeddable":true,"href":"https:\/\/portalgoitaca.com.br\/index.php?rest_route=%2Fwp%2Fv2%2Ftags&post=18835"}],"curies":[{"name":"wp","href":"https:\/\/api.w.org\/{rel}","templated":true}]}}